{"id":55311,"date":"2022-05-23T19:29:31","date_gmt":"2022-05-24T02:29:31","guid":{"rendered":"https:\/\/www.jefebet.com\/?p=55311"},"modified":"2022-05-23T19:51:54","modified_gmt":"2022-05-24T02:51:54","slug":"gp-de-espana-memes-reacciones-formula-1","status":"publish","type":"post","link":"https:\/\/blog.jefebet.com\/es\/meme-gif\/gp-de-espana-memes-reacciones-formula-1\/","title":{"rendered":"GP de Espa\u00f1a: Los mejores memes y reacciones que dej\u00f3 la carrera"},"content":{"rendered":"\n<p>Del <strong>GP de Espa\u00f1a<\/strong> al menos podemos decir que no fue tan accidentado como las carreras anteriores de esta temporada de F\u00f3rmula 1, pero como ya es costumbre los aficionados del deporte motor pudieron disfrutar de buen espect\u00e1culo y algunas sorpresas. Todo lo ocurrido se prest\u00f3 para la creaci\u00f3n y viralizaci\u00f3n de memes, aqu\u00ed te mostramos los mejores.<\/p>\n\n\n\n<p>La carrera la gan\u00f3 la escuder\u00eda austr\u00edaca, <strong><a href=\"https:\/\/blog.jefebet.com\/noticias\/sergio-checo-perez-red-bull-racing\/\" target=\"_blank\" data-type=\"post\" data-id=\"54191\" rel=\"noreferrer noopener\">Red Bull Racing<\/a><\/strong>, que a la vez hizo el 1-2 con el neerland\u00e9s <strong><a href=\"https:\/\/blog.jefebet.com\/noticias\/automovilismo\/max-verstappen-critica-hamilton\/\" target=\"_blank\" data-type=\"post\" data-id=\"49128\" rel=\"noreferrer noopener\">Max Verstappen<\/a><\/strong> y el mexicano <strong>Sergio \u201cCheco\u201d P\u00e9rez<\/strong> en el podio, seguidos del piloto de Mercedes George Russell.&nbsp;<\/p>\n\n\n\n<p>Precisamente ese podio gener\u00f3 pol\u00e9mica entre los aficionados de Red Bull, ya que el equipo le solicit\u00f3 a Checo P\u00e9rez dejarle el primer lugar a su compa\u00f1ero cuando quedaban algunas vueltas por correrse y aunque el mexicano se quej\u00f3 de la injusticia, le cedi\u00f3 la posici\u00f3n al campe\u00f3n del mundo.&nbsp;<\/p>\n\n\n\n<p>Los memes comenzaron a circular en redes sociales, mientras algunos se quejaban por la decisi\u00f3n del equipo, al mismo tiempo festejaban la victoria.&nbsp;<\/p>\n\n\n\n<figure class=\"wp-block-embed is-type-rich is-provider-twitter wp-block-embed-twitter\"><div class=\"wp-block-embed__wrapper\">\n<blockquote class=\"twitter-tweet\" data-width=\"550\" data-dnt=\"true\"><p lang=\"es\" dir=\"ltr\">Checo:<br>&quot;Es bastante injusto&#8230;pero est\u00e1 bien&quot;  <a href=\"https:\/\/twitter.com\/hashtag\/Formula1?src=hash&amp;ref_src=twsrc%5Etfw\" target=\"_blank\" rel=\"noopener\">#Formula1<\/a> <a href=\"https:\/\/t.co\/jubY57mBlG\">pic.twitter.com\/jubY57mBlG<\/a><\/p>&mdash; Javier Mtz (@jm698569) <a href=\"https:\/\/twitter.com\/jm698569\/status\/1528380390993539072?ref_src=twsrc%5Etfw\" target=\"_blank\" rel=\"noopener\">May 22, 2022<\/a><\/blockquote><script async src=\"https:\/\/platform.twitter.com\/widgets.js\" charset=\"utf-8\"><\/script>\n<\/div><\/figure>\n\n\n\n<figure class=\"wp-block-embed is-type-rich is-provider-twitter wp-block-embed-twitter\"><div class=\"wp-block-embed__wrapper\">\n<blockquote class=\"twitter-tweet\" data-width=\"550\" data-dnt=\"true\"><p lang=\"es\" dir=\"ltr\">TODOS al ver a Checo ceder la posici\u00f3n, pero a\u00fan as\u00ed es el 1\u00ba y 2\u00ba Red Bull \ud83d\udc02 <a href=\"https:\/\/t.co\/CclQtazHVC\">pic.twitter.com\/CclQtazHVC<\/a><\/p>&mdash; MEMES F1 (@SoyMamadorF1) <a href=\"https:\/\/twitter.com\/SoyMamadorF1\/status\/1528390935842902016?ref_src=twsrc%5Etfw\" target=\"_blank\" rel=\"noopener\">May 22, 2022<\/a><\/blockquote><script async src=\"https:\/\/platform.twitter.com\/widgets.js\" charset=\"utf-8\"><\/script>\n<\/div><\/figure>\n\n\n\n<figure class=\"wp-block-embed is-type-rich is-provider-twitter wp-block-embed-twitter\"><div class=\"wp-block-embed__wrapper\">\n<blockquote class=\"twitter-tweet\" data-width=\"550\" data-dnt=\"true\"><p lang=\"es\" dir=\"ltr\">Los mexicanos al momento que le pidieron a Checo P\u00e9rez que dejara pasar a Verstappen \ud83d\ude22<a href=\"https:\/\/twitter.com\/hashtag\/SpanishGP?src=hash&amp;ref_src=twsrc%5Etfw\" target=\"_blank\" rel=\"noopener\">#SpanishGP<\/a> \ud83c\uddea\ud83c\uddf8 <a href=\"https:\/\/twitter.com\/hashtag\/F1?src=hash&amp;ref_src=twsrc%5Etfw\" target=\"_blank\" rel=\"noopener\">#F1<\/a> <a href=\"https:\/\/t.co\/cZn9zrMYsi\">pic.twitter.com\/cZn9zrMYsi<\/a><\/p>&mdash; Ahora o Nunca ESPN (@ahoraonuncaespn) <a href=\"https:\/\/twitter.com\/ahoraonuncaespn\/status\/1528396015656632323?ref_src=twsrc%5Etfw\" target=\"_blank\" rel=\"noopener\">May 22, 2022<\/a><\/blockquote><script async src=\"https:\/\/platform.twitter.com\/widgets.js\" charset=\"utf-8\"><\/script>\n<\/div><\/figure>\n\n\n\n<p>No falt\u00f3 el usuario que record\u00f3 que Mercedes siempre le hac\u00eda eso a Valtteri Bottas para que Lewis Hamilton no quedara detr\u00e1s. <\/p>\n\n\n\n<figure class=\"wp-block-embed is-type-rich is-provider-twitter wp-block-embed-twitter\"><div class=\"wp-block-embed__wrapper\">\n<blockquote class=\"twitter-tweet\" data-width=\"550\" data-dnt=\"true\"><p lang=\"en\" dir=\"ltr\">checo perez not happy with team orders <br>valtteri bottas: <a href=\"https:\/\/t.co\/ce5kq5wgRr\">pic.twitter.com\/ce5kq5wgRr<\/a><\/p>&mdash; Hemank (@Hemank_fpl) <a href=\"https:\/\/twitter.com\/Hemank_fpl\/status\/1528387446937100288?ref_src=twsrc%5Etfw\" target=\"_blank\" rel=\"noopener\">May 22, 2022<\/a><\/blockquote><script async src=\"https:\/\/platform.twitter.com\/widgets.js\" charset=\"utf-8\"><\/script>\n<\/div><\/figure>\n\n\n\n<h2 class=\"wp-block-heading\">Famosos reaccionaron a lo ocurrido en el GP de Espa\u00f1a<\/h2>\n\n\n\n<p>Pod\u00edamos creer que la indignaci\u00f3n era propia del p\u00fablico mexicano, pero no fue as\u00ed, ya que el tenista argentino Juan Mart\u00edn del Potro public\u00f3 un tweet en donde acus\u00f3 a Red Bull de no dejar ganar a Checo P\u00e9rez. <\/p>\n\n\n\n<figure class=\"wp-block-embed is-type-rich is-provider-twitter wp-block-embed-twitter\"><div class=\"wp-block-embed__wrapper\">\n<blockquote class=\"twitter-tweet\" data-width=\"550\" data-dnt=\"true\"><p lang=\"es\" dir=\"ltr\">Para mi el piloto del d\u00eda es <a href=\"https:\/\/twitter.com\/SChecoPerez?ref_src=twsrc%5Etfw\" target=\"_blank\" rel=\"noopener\">@SChecoPerez<\/a>. \ud83c\udfce<br>No lo dejaron ganar <a href=\"https:\/\/twitter.com\/hashtag\/SpanishGP?src=hash&amp;ref_src=twsrc%5Etfw\" target=\"_blank\" rel=\"noopener\">#SpanishGP<\/a> .<br>Saludos a todos! Buen domingo!<\/p>&mdash; Juan M. del Potro (@delpotrojuan) <a href=\"https:\/\/twitter.com\/delpotrojuan\/status\/1528385537110835200?ref_src=twsrc%5Etfw\" target=\"_blank\" rel=\"noopener\">May 22, 2022<\/a><\/blockquote><script async src=\"https:\/\/platform.twitter.com\/widgets.js\" charset=\"utf-8\"><\/script>\n<\/div><\/figure>\n\n\n\n<p>El piloto de Ferrari, Charles Leclerc aband\u00f3 la carrera despu\u00e9s de haber liderado y haberse distanciado del resto de los pilotos. Su monoplaza perdi\u00f3 potencia y se vio obligado a ir a boxes pero ya no pudo continuar. Eso provoc\u00f3 que perdiera el liderato del campeonato de pilotos y adem\u00e1s que Red Bull superara a Ferrari en el de constructores. <\/p>\n\n\n\n<figure class=\"wp-block-embed is-type-rich is-provider-twitter wp-block-embed-twitter\"><div class=\"wp-block-embed__wrapper\">\n<blockquote class=\"twitter-tweet\" data-width=\"550\" data-dnt=\"true\"><p lang=\"es\" dir=\"ltr\">PRIMER ABANDONO de Leclerc en la Temporada \u274c<br><br>Cuando parec\u00eda que ser\u00eda una victoria f\u00e1cil para el piloto de Ferrari, su auto present\u00f3 un problema y tuvo que abandonar la carrera.<br><br>Checo ya se coloc\u00f3 en la PUNTA<br><br>35\/66<br>1\ufe0f\u20e3  Checo<br>2\ufe0f\u20e3 Russell<br>3\ufe0f\u20e3 Verstappen<a href=\"https:\/\/twitter.com\/hashtag\/Checo?src=hash&amp;ref_src=twsrc%5Etfw\" target=\"_blank\" rel=\"noopener\">#Checo<\/a> <a href=\"https:\/\/twitter.com\/hashtag\/SpainGP?src=hash&amp;ref_src=twsrc%5Etfw\" target=\"_blank\" rel=\"noopener\">#SpainGP<\/a> <a href=\"https:\/\/twitter.com\/hashtag\/Leclerc?src=hash&amp;ref_src=twsrc%5Etfw\" target=\"_blank\" rel=\"noopener\">#Leclerc<\/a> <a href=\"https:\/\/t.co\/vezArMEQSZ\">pic.twitter.com\/vezArMEQSZ<\/a><\/p>&mdash; Universal Sports Media (@OficialUSM) <a href=\"https:\/\/twitter.com\/OficialUSM\/status\/1528373996609323009?ref_src=twsrc%5Etfw\" target=\"_blank\" rel=\"noopener\">May 22, 2022<\/a><\/blockquote><script async src=\"https:\/\/platform.twitter.com\/widgets.js\" charset=\"utf-8\"><\/script>\n<\/div><\/figure>\n\n\n\n<p>Ante la falta de emociones, algunos solicitaron al canadiense Nicholas Latifi que se hiciera protagonista con alg\u00fan choque en pista. <\/p>\n\n\n\n<figure class=\"wp-block-embed is-type-rich is-provider-twitter wp-block-embed-twitter\"><div class=\"wp-block-embed__wrapper\">\n<blockquote class=\"twitter-tweet\" data-width=\"550\" data-dnt=\"true\"><p lang=\"es\" dir=\"ltr\">Yo, cuando la carrera est\u00e1 aburrida: <a href=\"https:\/\/t.co\/mvaFDwNph7\">pic.twitter.com\/mvaFDwNph7<\/a><\/p>&mdash; MEMES F1 (@SoyMamadorF1) <a href=\"https:\/\/twitter.com\/SoyMamadorF1\/status\/1528366055059513344?ref_src=twsrc%5Etfw\" target=\"_blank\" rel=\"noopener\">May 22, 2022<\/a><\/blockquote><script async src=\"https:\/\/platform.twitter.com\/widgets.js\" charset=\"utf-8\"><\/script>\n<\/div><\/figure>\n\n\n\n<hr class=\"wp-block-separator\"\/>\n\n\n\n<h3 class=\"wp-block-heading\"><strong>\u00bfTe gusta nuestro contenido? No olvides seguirnos en nuestras redes sociales para estar al d\u00eda con toda la informaci\u00f3n deportiva, solo aqu\u00ed en <a href=\"https:\/\/www.tiktok.com\/@jefebet\" target=\"_blank\" rel=\"noopener\">JefeBet<\/a>.<\/strong><\/h3>\n","protected":false},"excerpt":{"rendered":"<p>Del GP de Espa\u00f1a al menos podemos decir que no fue tan accidentado como las carreras anteriores de esta temporada de F\u00f3rmula 1, pero como ya es costumbre los aficionados del deporte motor pudieron disfrutar de buen espect\u00e1culo y algunas sorpresas. Todo lo ocurrido se prest\u00f3 para la creaci\u00f3n y viralizaci\u00f3n de memes, aqu\u00ed te [&hellip;] <a class=\"g1-link g1-link-more\" href=\"https:\/\/blog.jefebet.com\/es\/meme-gif\/gp-de-espana-memes-reacciones-formula-1\/\">More<\/a><\/p>\n","protected":false},"author":19,"featured_media":55287,"comment_status":"open","ping_status":"open","sticky":false,"template":"","format":"standard","meta":{"inline_featured_image":false,"footnotes":""},"categories":[193,41,274],"tags":[20560,21797,21967,21148,653,25316,655,21879],"reaction":[],"class_list":{"0":"post-55311","1":"post","2":"type-post","3":"status-publish","4":"format-standard","5":"has-post-thumbnail","7":"category-meme-gif","8":"category-automovilismo","9":"category-noticias","10":"tag-automovilismo","11":"tag-charles-leclerc","12":"tag-checo-perez","13":"tag-ferrari","14":"tag-formula-1","15":"tag-george-russell","16":"tag-max-verstappen","17":"tag-red-bull-racing"},"wps_subtitle":"","_links":{"self":[{"href":"https:\/\/blog.jefebet.com\/es\/wp-json\/wp\/v2\/posts\/55311","targetHints":{"allow":["GET"]}}],"collection":[{"href":"https:\/\/blog.jefebet.com\/es\/wp-json\/wp\/v2\/posts"}],"about":[{"href":"https:\/\/blog.jefebet.com\/es\/wp-json\/wp\/v2\/types\/post"}],"author":[{"embeddable":true,"href":"https:\/\/blog.jefebet.com\/es\/wp-json\/wp\/v2\/users\/19"}],"replies":[{"embeddable":true,"href":"https:\/\/blog.jefebet.com\/es\/wp-json\/wp\/v2\/comments?post=55311"}],"version-history":[{"count":0,"href":"https:\/\/blog.jefebet.com\/es\/wp-json\/wp\/v2\/posts\/55311\/revisions"}],"wp:featuredmedia":[{"embeddable":true,"href":"https:\/\/blog.jefebet.com\/es\/wp-json\/wp\/v2\/media\/55287"}],"wp:attachment":[{"href":"https:\/\/blog.jefebet.com\/es\/wp-json\/wp\/v2\/media?parent=55311"}],"wp:term":[{"taxonomy":"category","embeddable":true,"href":"https:\/\/blog.jefebet.com\/es\/wp-json\/wp\/v2\/categories?post=55311"},{"taxonomy":"post_tag","embeddable":true,"href":"https:\/\/blog.jefebet.com\/es\/wp-json\/wp\/v2\/tags?post=55311"},{"taxonomy":"reaction","embeddable":true,"href":"https:\/\/blog.jefebet.com\/es\/wp-json\/wp\/v2\/reaction?post=55311"}],"curies":[{"name":"wp","href":"https:\/\/api.w.org\/{rel}","templated":true}]}}